{"id":15537,"date":"2017-02-27T10:27:36","date_gmt":"2017-02-27T07:27:36","guid":{"rendered":"https:\/\/uzem.omu.edu.tr\/?p=15537"},"modified":"2018-06-12T15:36:54","modified_gmt":"2018-06-12T12:36:54","slug":"uzemde-f-bagimsiz-filmler-festivali-heyecani","status":"publish","type":"post","link":"https:\/\/uzem.omu.edu.tr\/en\/uzemde-f-bagimsiz-filmler-festivali-heyecani\/","title":{"rendered":"UZEM&#8217;de !f Ba\u011f\u0131ms\u0131z Filmler Festivali Heyecan\u0131"},"content":{"rendered":"<p>[vc_row][vc_column css=&#8221;.vc_custom_1488183626909{margin-left: 0px !important;padding-left: 0px !important;}&#8221;][vc_column_text]<\/p>\n<p class=\"r\"><strong>Bu y\u0131l 16&#8217;nc\u0131s\u0131 d\u00fczenlenen !f \u0130stanbul Film Festivali, Ondokuz May\u0131s \u00dcniversitesi\u00a0 UZEM Kongre Merkezi&#8217;nde yap\u0131lan temsili gala ve kokteyle Samsun&#8217;da ba\u015flad\u0131.<\/strong><!--more--><\/p>\n<p class=\"r\"><img loading=\"lazy\" class=\"alignnone size-large wp-image-15539\" src=\"https:\/\/uzem.omu.edu.tr\/wp-content\/uploads\/IMG_1811-1024x683.jpg\" alt=\"IMG_1811\" width=\"783\" height=\"522\" srcset=\"https:\/\/uzem.omu.edu.tr\/wp-content\/uploads\/IMG_1811-1024x683.jpg 1024w, https:\/\/uzem.omu.edu.tr\/wp-content\/uploads\/IMG_1811-300x200.jpg 300w, https:\/\/uzem.omu.edu.tr\/wp-content\/uploads\/IMG_1811-768x512.jpg 768w, https:\/\/uzem.omu.edu.tr\/wp-content\/uploads\/IMG_1811-783x522.jpg 783w, https:\/\/uzem.omu.edu.tr\/wp-content\/uploads\/IMG_1811-575x383.jpg 575w, https:\/\/uzem.omu.edu.tr\/wp-content\/uploads\/IMG_1811-1200x800.jpg 1200w\" sizes=\"(max-width: 783px) 100vw, 783px\" \/><\/p>\n<p class=\"r\">OM\u00dc Uluslararas\u0131 \u0130li\u015fkiler Birimi ve\u00a0TOG \u0130\u011fne Deli\u011fi Gen\u00e7lik Merkezi i\u015fbirli\u011fiyle 16. !f \u0130stanbul Ba\u011f\u0131ms\u0131z Filmler Festivali UZEM Konferans Salonunda ger\u00e7ekle\u015fti. E\u011fitim Fak\u00fcltesi G\u00fczel Sanatlar E\u011fitimi B\u00f6l\u00fcm\u00fc \u00f6\u011frencilerinin, m\u00fczik dinletisiyle e\u015flik ederek renk katt\u0131\u011f\u0131 etkinli\u011fe; Rekt\u00f6r Prof. Dr. Sait Bilgi\u00e7, Rekt\u00f6r Ba\u015fdan\u0131\u015fman\u0131 ve UZEM M\u00fcd\u00fcr\u00fc Prof. Dr. Mehmet Ali Cengiz, UZEM M\u00fcd\u00fcr Yard\u0131mc\u0131s\u0131 Prof. Dr. \u0130zzet Ak\u00e7a, Uluslararas\u0131 \u0130li\u015fkiler Birimi Ba\u015fkan\u0131 Prof. Dr. R\u0131dvan K\u0131z\u0131lkaya, akademisyenler ve \u00e7ok say\u0131da sanatsever kat\u0131ld\u0131.<\/p>\n<p class=\"r\"><img loading=\"lazy\" class=\"alignnone size-large wp-image-15542\" src=\"https:\/\/uzem.omu.edu.tr\/wp-content\/uploads\/IMG_1591-1024x683.jpg\" alt=\"IMG_1591\" width=\"783\" height=\"522\" srcset=\"https:\/\/uzem.omu.edu.tr\/wp-content\/uploads\/IMG_1591-1024x683.jpg 1024w, https:\/\/uzem.omu.edu.tr\/wp-content\/uploads\/IMG_1591-300x200.jpg 300w, https:\/\/uzem.omu.edu.tr\/wp-content\/uploads\/IMG_1591-768x512.jpg 768w, https:\/\/uzem.omu.edu.tr\/wp-content\/uploads\/IMG_1591-783x522.jpg 783w, https:\/\/uzem.omu.edu.tr\/wp-content\/uploads\/IMG_1591-575x383.jpg 575w, https:\/\/uzem.omu.edu.tr\/wp-content\/uploads\/IMG_1591-1200x800.jpg 1200w\" sizes=\"(max-width: 783px) 100vw, 783px\" \/><\/p>\n<p class=\"r\">24 \u015eubat saat 17:00&#8217;da\u00a0start veren festival etkinliklerine, \u00f6\u011frenci, akademisyen ve OM\u00dc \u00e7al\u0131\u015fanlar\u0131, Samsunlu sanatseverler kat\u0131ld\u0131. Festival boyunca Sinerji Foto\u011fraf Sergisini gezen konuklar saat \u00a017:00 &#8216;da Tanna adl\u0131 filmin g\u00f6sterimine kat\u0131ld\u0131. Cumartesi ve Pazar g\u00fcn\u00fc de devam eden etkinlikte toplam 5 film, Tanna (Butler, Bentley Dean), DEV (Johannes Nyholm), Bir G\u00fcnde Hindistan\u00a0Camdan (Ann Marie Fleming) Atlar,\u00a0Koca D\u00fcnya\u00a0(Reha Erdem)\u00a0\u00a0g\u00f6sterildi.<\/p>\n<p class=\"r\"><img loading=\"lazy\" class=\"alignnone size-large wp-image-15543\" src=\"https:\/\/uzem.omu.edu.tr\/wp-content\/uploads\/IMG_1669-1024x683.jpg\" alt=\"IMG_1669\" width=\"783\" height=\"522\" srcset=\"https:\/\/uzem.omu.edu.tr\/wp-content\/uploads\/IMG_1669-1024x683.jpg 1024w, https:\/\/uzem.omu.edu.tr\/wp-content\/uploads\/IMG_1669-300x200.jpg 300w, https:\/\/uzem.omu.edu.tr\/wp-content\/uploads\/IMG_1669-768x512.jpg 768w, https:\/\/uzem.omu.edu.tr\/wp-content\/uploads\/IMG_1669-783x522.jpg 783w, https:\/\/uzem.omu.edu.tr\/wp-content\/uploads\/IMG_1669-575x383.jpg 575w, https:\/\/uzem.omu.edu.tr\/wp-content\/uploads\/IMG_1669-1200x800.jpg 1200w\" sizes=\"(max-width: 783px) 100vw, 783px\" \/><\/p>\n<p class=\"r\">Konferans\u0131n t\u00fcm teknik takibi (ses, g\u00f6r\u00fcnt\u00fc, online s\u00f6yle\u015fi kay\u0131tlar\u0131) UZEM <strong><a href=\"https:\/\/uzem.omu.edu.tr\/icerik-gelistirme\/\" target=\"_blank\" rel=\"noopener\">\u0130\u00e7erik Ekibi<\/a><\/strong> taraf\u0131ndan sa\u011fland\u0131.<\/p>\n<p class=\"r\"><img loading=\"lazy\" class=\"size-full wp-image-15538 alignnone\" src=\"https:\/\/uzem.omu.edu.tr\/wp-content\/uploads\/if2-b.png\" alt=\"if2-b\" width=\"103\" height=\"124\" \/><\/p>\n<h1><strong>!f \u00b2 NED\u0130R?<\/strong><\/h1>\n<p>!f \u00b2, bir festival taraf\u0131ndan d\u00fcnyada ilk kez ger\u00e7ekle\u015ftirilen \u2018alternatif da\u011f\u0131t\u0131m ve payla\u015f\u0131m\u2019 projesi. Mediatriple taraf\u0131ndan sa\u011flanan online video platform ile ger\u00e7ekle\u015fen !f \u00b2 i\u00e7in, !f \u0130stanbul\u2019un farkl\u0131 b\u00f6l\u00fcmlerinden 5 film se\u00e7ilmekte. Festivalin \u0130stanbul aya\u011f\u0131n\u0131n son \u00fc\u00e7 g\u00fcn\u00fcnde g\u00f6sterilen bu 5 film, ayn\u0131 anda Anadolu\u2019da 30 \u015fehirde ve Lefko\u015fa ve G\u00fcmr\u00fc\u2019de sinemaseverlere ula\u015f\u0131yor.<\/p>\n<h1><strong>!f \u00b2\u2019Y\u0130 K\u0130MLER D\u00dcZENL\u0130YOR?<\/strong><\/h1>\n<p>!f \u00b2 filmlerini !f \u0130stanbul se\u00e7iyor, g\u00f6sterimlerin organizasyonunu \u015fehirlerdeki \u00fcniversiteler, dernekler, sanat inisiyatifleri ve sivil toplum kurulu\u015flardan sinemaseverler yap\u0131yor. G\u00f6n\u00fcll\u00fcl\u00fc\u011fe dayanan bu i\u015fbirli\u011fi 7 y\u0131ld\u0131r kesintisiz s\u00fcr\u00fcyor ve her y\u0131l daha da b\u00fcy\u00fcyor. Siz de bu sinema a\u011f\u0131na kat\u0131lmak ve kendi \u015fehrinizde !f filmlerinin g\u00f6sterilmesini sa\u011flamak istiyorsan\u0131z bizimle ileti\u015fime ge\u00e7ebilirsiniz.<\/p>\n<h1><strong>G\u00d6STER\u0130MLER NASIL GER\u00c7EKLE\u015e\u0130YOR?<\/strong><\/h1>\n<p>!f \u00b2 g\u00f6sterimlerinin dijital altyap\u0131s\u0131n\u0131 sa\u011flayan Mediatriple, se\u00e7ilen 5 filmi festivalin son \u00fc\u00e7 g\u00fcn\u00fcnde ortaklar\u0131m\u0131za a\u00e7\u0131yor ve \u0130stanbul sinemalar\u0131yla ayn\u0131 anda, internet \u00fczerinden g\u00f6sterime sokuyor. Y\u00fcksek g\u00f6r\u00fcnt\u00fc kalitesiyle g\u00f6sterilen bu filmler ayn\u0131 anda t\u00fcm ortak \u015fehirlerde sinemaseverlere ula\u015f\u0131yor. \u0130stanbul\u2019daki g\u00f6sterimlerin ard\u0131ndan filmlerin y\u00f6netmenleriyle salonda s\u00f6yle\u015fi yap\u0131l\u0131rken ortak \u015fehirlerimizdeki izleyiciler de internet \u00fczerinden bu an\u0131 canl\u0131 izleyebiliyor ve y\u00f6netmene sorular\u0131n\u0131 g\u00f6nderebiliyor.<\/p>\n<p class=\"r\"><a href=\"http:\/\/www.ifistanbul.com\/\">www.ifistanbul.com<\/a><\/p>\n<p>[\/vc_column_text][vc_empty_space height=&#8221;10px&#8221;][vc_text_separator title=&#8221;FEST\u0130VALDEN KARELER&#8221;][vc_empty_space height=&#8221;10px&#8221;]<div class=\"cqcarousel-container \" data-slidestoshow=\"5\" data-thumbstoshow=\"7\" data-dots=\"\" data-arrows=\"yes\" data-isgallery=\"\" data-largeimagearrows=\"yes\" data-autoplay=\"yes\" data-autoplayspeed=\"4000\" data-containerwidth=\"\" data-containermaxwidth=\"\" data-imgnum=\"18\" data-bottomversion=\"\" data-dotbottom=\"\" data-lightboxmode=\"prettyphoto\"><div class=\"carousel-thumb \"><div title=\"\"><a href=\"https:\/\/uzem.omu.edu.tr\/wp-content\/uploads\/IMG_1587.jpg\" class=\"cqcarousel-item\" data-rel=\"prettyPhoto[rel-15537-2097460684]\" rel=\"prettyPhoto[rel-15537-2097460684]\"><img src=\"https:\/\/uzem.omu.edu.tr\/wp-content\/uploads\/IMG_1587.jpg\" alt=\"\" title=\"IMG_1587\" \/><\/a><\/div><div title=\"\"><a href=\"https:\/\/uzem.omu.edu.tr\/wp-content\/uploads\/IMG_1588.jpg\" class=\"cqcarousel-item\" data-rel=\"prettyPhoto[rel-15537-2097460684]\" rel=\"prettyPhoto[rel-15537-2097460684]\"><img src=\"https:\/\/uzem.omu.edu.tr\/wp-content\/uploads\/IMG_1588.jpg\" alt=\"\" title=\"IMG_1588\" \/><\/a><\/div><div title=\"\"><a href=\"https:\/\/uzem.omu.edu.tr\/wp-content\/uploads\/IMG_1634.jpg\" class=\"cqcarousel-item\" data-rel=\"prettyPhoto[rel-15537-2097460684]\" rel=\"prettyPhoto[rel-15537-2097460684]\"><img src=\"https:\/\/uzem.omu.edu.tr\/wp-content\/uploads\/IMG_1634.jpg\" alt=\"\" title=\"IMG_1634\" \/><\/a><\/div><div title=\"\"><a href=\"https:\/\/uzem.omu.edu.tr\/wp-content\/uploads\/IMG_1662.jpg\" class=\"cqcarousel-item\" data-rel=\"prettyPhoto[rel-15537-2097460684]\" rel=\"prettyPhoto[rel-15537-2097460684]\"><img src=\"https:\/\/uzem.omu.edu.tr\/wp-content\/uploads\/IMG_1662.jpg\" alt=\"\" title=\"IMG_1662\" \/><\/a><\/div><div title=\"\"><a href=\"https:\/\/uzem.omu.edu.tr\/wp-content\/uploads\/IMG_1689.jpg\" class=\"cqcarousel-item\" data-rel=\"prettyPhoto[rel-15537-2097460684]\" rel=\"prettyPhoto[rel-15537-2097460684]\"><img src=\"https:\/\/uzem.omu.edu.tr\/wp-content\/uploads\/IMG_1689.jpg\" alt=\"\" title=\"IMG_1689\" \/><\/a><\/div><div title=\"\"><a href=\"https:\/\/uzem.omu.edu.tr\/wp-content\/uploads\/IMG_1695.jpg\" class=\"cqcarousel-item\" data-rel=\"prettyPhoto[rel-15537-2097460684]\" rel=\"prettyPhoto[rel-15537-2097460684]\"><img src=\"https:\/\/uzem.omu.edu.tr\/wp-content\/uploads\/IMG_1695.jpg\" alt=\"\" title=\"Konferans Salonu Fuaye Alan\u0131 Resim Sergisi Etkinli\u011fi\" \/><\/a><\/div><div title=\"\"><a href=\"https:\/\/uzem.omu.edu.tr\/wp-content\/uploads\/IMG_1640.jpg\" class=\"cqcarousel-item\" data-rel=\"prettyPhoto[rel-15537-2097460684]\" rel=\"prettyPhoto[rel-15537-2097460684]\"><img src=\"https:\/\/uzem.omu.edu.tr\/wp-content\/uploads\/IMG_1640.jpg\" alt=\"\" title=\"IMG_1640\" \/><\/a><\/div><div title=\"\"><a href=\"https:\/\/uzem.omu.edu.tr\/wp-content\/uploads\/IMG_1646.jpg\" class=\"cqcarousel-item\" data-rel=\"prettyPhoto[rel-15537-2097460684]\" rel=\"prettyPhoto[rel-15537-2097460684]\"><img src=\"https:\/\/uzem.omu.edu.tr\/wp-content\/uploads\/IMG_1646.jpg\" alt=\"\" title=\"IMG_1646\" \/><\/a><\/div><div title=\"\"><a href=\"https:\/\/uzem.omu.edu.tr\/wp-content\/uploads\/IMG_1671.jpg\" class=\"cqcarousel-item\" data-rel=\"prettyPhoto[rel-15537-2097460684]\" rel=\"prettyPhoto[rel-15537-2097460684]\"><img src=\"https:\/\/uzem.omu.edu.tr\/wp-content\/uploads\/IMG_1671.jpg\" alt=\"\" title=\"IMG_1671\" \/><\/a><\/div><div title=\"\"><a href=\"https:\/\/uzem.omu.edu.tr\/wp-content\/uploads\/IMG_1679.jpg\" class=\"cqcarousel-item\" data-rel=\"prettyPhoto[rel-15537-2097460684]\" rel=\"prettyPhoto[rel-15537-2097460684]\"><img src=\"https:\/\/uzem.omu.edu.tr\/wp-content\/uploads\/IMG_1679.jpg\" alt=\"\" title=\"IMG_1679\" \/><\/a><\/div><div title=\"\"><a href=\"https:\/\/uzem.omu.edu.tr\/wp-content\/uploads\/IMG_1687.jpg\" class=\"cqcarousel-item\" data-rel=\"prettyPhoto[rel-15537-2097460684]\" rel=\"prettyPhoto[rel-15537-2097460684]\"><img src=\"https:\/\/uzem.omu.edu.tr\/wp-content\/uploads\/IMG_1687.jpg\" alt=\"\" title=\"IMG_1687\" \/><\/a><\/div><div title=\"\"><a href=\"https:\/\/uzem.omu.edu.tr\/wp-content\/uploads\/IMG_1700.jpg\" class=\"cqcarousel-item\" data-rel=\"prettyPhoto[rel-15537-2097460684]\" rel=\"prettyPhoto[rel-15537-2097460684]\"><img src=\"https:\/\/uzem.omu.edu.tr\/wp-content\/uploads\/IMG_1700.jpg\" alt=\"\" title=\"IMG_1700\" \/><\/a><\/div><div title=\"\"><a href=\"https:\/\/uzem.omu.edu.tr\/wp-content\/uploads\/IMG_1709.jpg\" class=\"cqcarousel-item\" data-rel=\"prettyPhoto[rel-15537-2097460684]\" rel=\"prettyPhoto[rel-15537-2097460684]\"><img src=\"https:\/\/uzem.omu.edu.tr\/wp-content\/uploads\/IMG_1709.jpg\" alt=\"\" title=\"IMG_1709\" \/><\/a><\/div><div title=\"\"><a href=\"https:\/\/uzem.omu.edu.tr\/wp-content\/uploads\/IMG_1753.jpg\" class=\"cqcarousel-item\" data-rel=\"prettyPhoto[rel-15537-2097460684]\" rel=\"prettyPhoto[rel-15537-2097460684]\"><img src=\"https:\/\/uzem.omu.edu.tr\/wp-content\/uploads\/IMG_1753.jpg\" alt=\"\" title=\"IMG_1753\" \/><\/a><\/div><div title=\"\"><a href=\"https:\/\/uzem.omu.edu.tr\/wp-content\/uploads\/IMG_1769.jpg\" class=\"cqcarousel-item\" data-rel=\"prettyPhoto[rel-15537-2097460684]\" rel=\"prettyPhoto[rel-15537-2097460684]\"><img src=\"https:\/\/uzem.omu.edu.tr\/wp-content\/uploads\/IMG_1769.jpg\" alt=\"\" title=\"IMG_1769\" \/><\/a><\/div><div title=\"\"><a href=\"https:\/\/uzem.omu.edu.tr\/wp-content\/uploads\/IMG_1783.jpg\" class=\"cqcarousel-item\" data-rel=\"prettyPhoto[rel-15537-2097460684]\" rel=\"prettyPhoto[rel-15537-2097460684]\"><img src=\"https:\/\/uzem.omu.edu.tr\/wp-content\/uploads\/IMG_1783.jpg\" alt=\"\" title=\"IMG_1783\" \/><\/a><\/div><div title=\"\"><a href=\"https:\/\/uzem.omu.edu.tr\/wp-content\/uploads\/IMG_1790.jpg\" class=\"cqcarousel-item\" data-rel=\"prettyPhoto[rel-15537-2097460684]\" rel=\"prettyPhoto[rel-15537-2097460684]\"><img src=\"https:\/\/uzem.omu.edu.tr\/wp-content\/uploads\/IMG_1790.jpg\" alt=\"\" title=\"IMG_1790\" \/><\/a><\/div><div title=\"\"><a href=\"https:\/\/uzem.omu.edu.tr\/wp-content\/uploads\/IMG_1824.jpg\" class=\"cqcarousel-item\" data-rel=\"prettyPhoto[rel-15537-2097460684]\" rel=\"prettyPhoto[rel-15537-2097460684]\"><img src=\"https:\/\/uzem.omu.edu.tr\/wp-content\/uploads\/IMG_1824.jpg\" alt=\"\" title=\"IMG_1824\" \/><\/a><\/div><\/div><\/div>[\/vc_column][\/vc_row]<\/p>\n","protected":false},"excerpt":{"rendered":"<p>[vc_row][vc_column css=&#8221;.vc_custom_1488183626909{margin-left: 0px !important;padding-left: 0px !important;}&#8221;][vc_column_text] Bu y\u0131l 16&#8217;nc\u0131s\u0131 d\u00fczenlenen !f \u0130stanbul Film Festivali, Ondokuz May\u0131s \u00dcniversitesi\u00a0 UZEM Kongre Merkezi&#8217;nde yap\u0131lan temsili gala ve kokteyle Samsun&#8217;da ba\u015flad\u0131.<\/p>\n","protected":false},"author":11,"featured_media":15570,"comment_status":"closed","ping_status":"closed","sticky":false,"template":"","format":"standard","meta":[],"categories":[82,228,129,81,78,45,7,83,229,230,234,80,86,88,79,73,72,75,71,87],"tags":[],"translation":{"provider":"WPGlobus","version":"2.12.2","language":"en","enabled_languages":["tr","en"],"languages":{"tr":{"title":true,"content":true,"excerpt":false},"en":{"title":false,"content":false,"excerpt":false}}},"yoast_head":"<!-- This site is optimized with the Yoast SEO plugin v17.4 - https:\/\/yoast.com\/wordpress\/plugins\/seo\/ -->\n<meta name=\"robots\" content=\"index, follow, max-snippet:-1, max-image-preview:large, max-video-preview:-1\" \/>\n<link rel=\"canonical\" href=\"https:\/\/uzem.omu.edu.tr\/uzemde-f-bagimsiz-filmler-festivali-heyecani\/\" \/>\n<meta property=\"og:locale\" content=\"en_US\" \/>\n<meta property=\"og:type\" content=\"article\" \/>\n<meta property=\"og:title\" content=\"UZEM&#039;de !f Ba\u011f\u0131ms\u0131z Filmler Festivali Heyecan\u0131 - OM\u00dc Uzaktan E\u011fitim Merkezi\" \/>\n<meta property=\"og:url\" content=\"https:\/\/uzem.omu.edu.tr\/uzemde-f-bagimsiz-filmler-festivali-heyecani\/\" \/>\n<meta property=\"og:site_name\" content=\"OM\u00dc Uzaktan E\u011fitim Merkezi\" \/>\n<meta property=\"article:publisher\" content=\"https:\/\/www.facebook.com\/omu.uzem\" \/>\n<meta property=\"article:published_time\" content=\"2017-02-27T07:27:36+00:00\" \/>\n<meta property=\"article:modified_time\" content=\"2018-06-12T12:36:54+00:00\" \/>\n<meta property=\"og:image\" content=\"https:\/\/uzem.omu.edu.tr\/wp-content\/uploads\/if-film-omu-festivali.jpg\" \/>\n\t<meta property=\"og:image:width\" content=\"1068\" \/>\n\t<meta property=\"og:image:height\" content=\"580\" \/>\n<meta name=\"twitter:card\" content=\"summary_large_image\" \/>\n<meta name=\"twitter:creator\" content=\"@omuuzem\" \/>\n<meta name=\"twitter:site\" content=\"@omuuzem\" \/>\n<meta name=\"twitter:label1\" content=\"Written by\" \/>\n\t<meta name=\"twitter:data1\" content=\"Can Murat Demir\" \/>\n\t<meta name=\"twitter:label2\" content=\"Est. reading time\" \/>\n\t<meta name=\"twitter:data2\" content=\"3 minutes\" \/>\n<script type=\"application\/ld+json\" class=\"yoast-schema-graph\">{\"@context\":\"https:\/\/schema.org\",\"@graph\":[{\"@type\":\"Organization\",\"@id\":\"https:\/\/uzem.omu.edu.tr\/#organization\",\"name\":\"UZEM\",\"url\":\"https:\/\/uzem.omu.edu.tr\/\",\"sameAs\":[\"https:\/\/www.facebook.com\/omu.uzem\",\"https:\/\/www.instagram.com\/omu.uzem\/\",\"https:\/\/www.youtube.com\/channel\/UCQ6c_wjaGQcIvBKTbPrOe2A\",\"https:\/\/twitter.com\/omuuzem\"],\"logo\":{\"@type\":\"ImageObject\",\"@id\":\"https:\/\/uzem.omu.edu.tr\/#logo\",\"inLanguage\":\"en-US\",\"url\":\"https:\/\/uzem.omu.edu.tr\/wp-content\/uploads\/ulogo-1.png\",\"contentUrl\":\"https:\/\/uzem.omu.edu.tr\/wp-content\/uploads\/ulogo-1.png\",\"width\":364,\"height\":39,\"caption\":\"UZEM\"},\"image\":{\"@id\":\"https:\/\/uzem.omu.edu.tr\/#logo\"}},{\"@type\":\"WebSite\",\"@id\":\"https:\/\/uzem.omu.edu.tr\/#website\",\"url\":\"https:\/\/uzem.omu.edu.tr\/\",\"name\":\"OM\\u00dc Uzaktan E\\u011fitim Merkezi\",\"description\":\"&quot;F\\u0131rsatlar Sunar&quot;\",\"publisher\":{\"@id\":\"https:\/\/uzem.omu.edu.tr\/#organization\"},\"potentialAction\":[{\"@type\":\"SearchAction\",\"target\":{\"@type\":\"EntryPoint\",\"urlTemplate\":\"https:\/\/uzem.omu.edu.tr\/?s={search_term_string}\"},\"query-input\":\"required name=search_term_string\"}],\"inLanguage\":\"en-US\"},{\"@type\":\"ImageObject\",\"@id\":\"https:\/\/uzem.omu.edu.tr\/uzemde-f-bagimsiz-filmler-festivali-heyecani\/#primaryimage\",\"inLanguage\":\"en-US\",\"url\":\"https:\/\/uzem.omu.edu.tr\/wp-content\/uploads\/if-film-omu-festivali.jpg\",\"contentUrl\":\"https:\/\/uzem.omu.edu.tr\/wp-content\/uploads\/if-film-omu-festivali.jpg\",\"width\":1068,\"height\":580},{\"@type\":\"WebPage\",\"@id\":\"https:\/\/uzem.omu.edu.tr\/uzemde-f-bagimsiz-filmler-festivali-heyecani\/#webpage\",\"url\":\"https:\/\/uzem.omu.edu.tr\/uzemde-f-bagimsiz-filmler-festivali-heyecani\/\",\"name\":\"UZEM'de !f Ba\\u011f\\u0131ms\\u0131z Filmler Festivali Heyecan\\u0131 - OM\\u00dc Uzaktan E\\u011fitim Merkezi\",\"isPartOf\":{\"@id\":\"https:\/\/uzem.omu.edu.tr\/#website\"},\"primaryImageOfPage\":{\"@id\":\"https:\/\/uzem.omu.edu.tr\/uzemde-f-bagimsiz-filmler-festivali-heyecani\/#primaryimage\"},\"datePublished\":\"2017-02-27T07:27:36+00:00\",\"dateModified\":\"2018-06-12T12:36:54+00:00\",\"breadcrumb\":{\"@id\":\"https:\/\/uzem.omu.edu.tr\/uzemde-f-bagimsiz-filmler-festivali-heyecani\/#breadcrumb\"},\"inLanguage\":\"en-US\",\"potentialAction\":[{\"@type\":\"ReadAction\",\"target\":[\"https:\/\/uzem.omu.edu.tr\/uzemde-f-bagimsiz-filmler-festivali-heyecani\/\"]}]},{\"@type\":\"BreadcrumbList\",\"@id\":\"https:\/\/uzem.omu.edu.tr\/uzemde-f-bagimsiz-filmler-festivali-heyecani\/#breadcrumb\",\"itemListElement\":[{\"@type\":\"ListItem\",\"position\":1,\"name\":\"Home\",\"item\":\"https:\/\/uzem.omu.edu.tr\/\"},{\"@type\":\"ListItem\",\"position\":2,\"name\":\"UZEM&#8217;de !f Ba\\u011f\\u0131ms\\u0131z Filmler Festivali Heyecan\\u0131\"}]},{\"@type\":\"Article\",\"@id\":\"https:\/\/uzem.omu.edu.tr\/uzemde-f-bagimsiz-filmler-festivali-heyecani\/#article\",\"isPartOf\":{\"@id\":\"https:\/\/uzem.omu.edu.tr\/uzemde-f-bagimsiz-filmler-festivali-heyecani\/#webpage\"},\"author\":{\"@id\":\"https:\/\/uzem.omu.edu.tr\/#\/schema\/person\/70a7964b5563550bcd223c52d8f1d460\"},\"headline\":\"UZEM&#8217;de !f Ba\\u011f\\u0131ms\\u0131z Filmler Festivali Heyecan\\u0131\",\"datePublished\":\"2017-02-27T07:27:36+00:00\",\"dateModified\":\"2018-06-12T12:36:54+00:00\",\"mainEntityOfPage\":{\"@id\":\"https:\/\/uzem.omu.edu.tr\/uzemde-f-bagimsiz-filmler-festivali-heyecani\/#webpage\"},\"wordCount\":529,\"publisher\":{\"@id\":\"https:\/\/uzem.omu.edu.tr\/#organization\"},\"image\":{\"@id\":\"https:\/\/uzem.omu.edu.tr\/uzemde-f-bagimsiz-filmler-festivali-heyecani\/#primaryimage\"},\"thumbnailUrl\":\"https:\/\/uzem.omu.edu.tr\/wp-content\/uploads\/if-film-omu-festivali.jpg\",\"articleSection\":[\"Computer Programming News\",\"Office Management News\",\"Call Services News\",\"Child Development News\",\"Education Management Inspection News\",\"Midwifery Undergraduate News\",\"News\",\"Theology Undergraduate News\",\"Internet and Network Technologies News\",\"Business Management News\",\"Math News\",\"Media and Communication News\",\"Common Courses News\",\"Pedagogical Formation News\",\"Postal Services News\",\"Health Management News\",\"Political Science News\",\"Real Estate Valuation News\",\"Local Governments News\",\"Compulsory Basic Courses News\"],\"inLanguage\":\"en-US\"},{\"@type\":\"Person\",\"@id\":\"https:\/\/uzem.omu.edu.tr\/#\/schema\/person\/70a7964b5563550bcd223c52d8f1d460\",\"name\":\"Can Murat Demir\",\"image\":{\"@type\":\"ImageObject\",\"@id\":\"https:\/\/uzem.omu.edu.tr\/#personlogo\",\"inLanguage\":\"en-US\",\"url\":\"https:\/\/secure.gravatar.com\/avatar\/ed801b73f677c412f55905de8ead8d72?s=96&d=mm&r=g\",\"contentUrl\":\"https:\/\/secure.gravatar.com\/avatar\/ed801b73f677c412f55905de8ead8d72?s=96&d=mm&r=g\",\"caption\":\"Can Murat Demir\"},\"sameAs\":[\"http:\/\/www.felsefehayat.net\"]}]}<\/script>\n<!-- \/ Yoast SEO plugin. -->","yoast_head_json":{"robots":{"index":"index","follow":"follow","max-snippet":"max-snippet:-1","max-image-preview":"max-image-preview:large","max-video-preview":"max-video-preview:-1"},"canonical":"https:\/\/uzem.omu.edu.tr\/uzemde-f-bagimsiz-filmler-festivali-heyecani\/","og_locale":"en_US","og_type":"article","og_title":"UZEM'de !f Ba\u011f\u0131ms\u0131z Filmler Festivali Heyecan\u0131 - OM\u00dc Uzaktan E\u011fitim Merkezi","og_url":"https:\/\/uzem.omu.edu.tr\/uzemde-f-bagimsiz-filmler-festivali-heyecani\/","og_site_name":"OM\u00dc Uzaktan E\u011fitim Merkezi","article_publisher":"https:\/\/www.facebook.com\/omu.uzem","article_published_time":"2017-02-27T07:27:36+00:00","article_modified_time":"2018-06-12T12:36:54+00:00","og_image":[{"width":1068,"height":580,"url":"https:\/\/uzem.omu.edu.tr\/wp-content\/uploads\/if-film-omu-festivali.jpg","type":"image\/jpeg"}],"twitter_card":"summary_large_image","twitter_creator":"@omuuzem","twitter_site":"@omuuzem","twitter_misc":{"Written by":"Can Murat Demir","Est. reading time":"3 minutes"},"schema":{"@context":"https:\/\/schema.org","@graph":[{"@type":"Organization","@id":"https:\/\/uzem.omu.edu.tr\/#organization","name":"UZEM","url":"https:\/\/uzem.omu.edu.tr\/","sameAs":["https:\/\/www.facebook.com\/omu.uzem","https:\/\/www.instagram.com\/omu.uzem\/","https:\/\/www.youtube.com\/channel\/UCQ6c_wjaGQcIvBKTbPrOe2A","https:\/\/twitter.com\/omuuzem"],"logo":{"@type":"ImageObject","@id":"https:\/\/uzem.omu.edu.tr\/#logo","inLanguage":"en-US","url":"https:\/\/uzem.omu.edu.tr\/wp-content\/uploads\/ulogo-1.png","contentUrl":"https:\/\/uzem.omu.edu.tr\/wp-content\/uploads\/ulogo-1.png","width":364,"height":39,"caption":"UZEM"},"image":{"@id":"https:\/\/uzem.omu.edu.tr\/#logo"}},{"@type":"WebSite","@id":"https:\/\/uzem.omu.edu.tr\/#website","url":"https:\/\/uzem.omu.edu.tr\/","name":"OM\u00dc Uzaktan E\u011fitim Merkezi","description":"&quot;F\u0131rsatlar Sunar&quot;","publisher":{"@id":"https:\/\/uzem.omu.edu.tr\/#organization"},"potentialAction":[{"@type":"SearchAction","target":{"@type":"EntryPoint","urlTemplate":"https:\/\/uzem.omu.edu.tr\/?s={search_term_string}"},"query-input":"required name=search_term_string"}],"inLanguage":"en-US"},{"@type":"ImageObject","@id":"https:\/\/uzem.omu.edu.tr\/uzemde-f-bagimsiz-filmler-festivali-heyecani\/#primaryimage","inLanguage":"en-US","url":"https:\/\/uzem.omu.edu.tr\/wp-content\/uploads\/if-film-omu-festivali.jpg","contentUrl":"https:\/\/uzem.omu.edu.tr\/wp-content\/uploads\/if-film-omu-festivali.jpg","width":1068,"height":580},{"@type":"WebPage","@id":"https:\/\/uzem.omu.edu.tr\/uzemde-f-bagimsiz-filmler-festivali-heyecani\/#webpage","url":"https:\/\/uzem.omu.edu.tr\/uzemde-f-bagimsiz-filmler-festivali-heyecani\/","name":"UZEM'de !f Ba\u011f\u0131ms\u0131z Filmler Festivali Heyecan\u0131 - OM\u00dc Uzaktan E\u011fitim Merkezi","isPartOf":{"@id":"https:\/\/uzem.omu.edu.tr\/#website"},"primaryImageOfPage":{"@id":"https:\/\/uzem.omu.edu.tr\/uzemde-f-bagimsiz-filmler-festivali-heyecani\/#primaryimage"},"datePublished":"2017-02-27T07:27:36+00:00","dateModified":"2018-06-12T12:36:54+00:00","breadcrumb":{"@id":"https:\/\/uzem.omu.edu.tr\/uzemde-f-bagimsiz-filmler-festivali-heyecani\/#breadcrumb"},"inLanguage":"en-US","potentialAction":[{"@type":"ReadAction","target":["https:\/\/uzem.omu.edu.tr\/uzemde-f-bagimsiz-filmler-festivali-heyecani\/"]}]},{"@type":"BreadcrumbList","@id":"https:\/\/uzem.omu.edu.tr\/uzemde-f-bagimsiz-filmler-festivali-heyecani\/#breadcrumb","itemListElement":[{"@type":"ListItem","position":1,"name":"Home","item":"https:\/\/uzem.omu.edu.tr\/"},{"@type":"ListItem","position":2,"name":"UZEM&#8217;de !f Ba\u011f\u0131ms\u0131z Filmler Festivali Heyecan\u0131"}]},{"@type":"Article","@id":"https:\/\/uzem.omu.edu.tr\/uzemde-f-bagimsiz-filmler-festivali-heyecani\/#article","isPartOf":{"@id":"https:\/\/uzem.omu.edu.tr\/uzemde-f-bagimsiz-filmler-festivali-heyecani\/#webpage"},"author":{"@id":"https:\/\/uzem.omu.edu.tr\/#\/schema\/person\/70a7964b5563550bcd223c52d8f1d460"},"headline":"UZEM&#8217;de !f Ba\u011f\u0131ms\u0131z Filmler Festivali Heyecan\u0131","datePublished":"2017-02-27T07:27:36+00:00","dateModified":"2018-06-12T12:36:54+00:00","mainEntityOfPage":{"@id":"https:\/\/uzem.omu.edu.tr\/uzemde-f-bagimsiz-filmler-festivali-heyecani\/#webpage"},"wordCount":529,"publisher":{"@id":"https:\/\/uzem.omu.edu.tr\/#organization"},"image":{"@id":"https:\/\/uzem.omu.edu.tr\/uzemde-f-bagimsiz-filmler-festivali-heyecani\/#primaryimage"},"thumbnailUrl":"https:\/\/uzem.omu.edu.tr\/wp-content\/uploads\/if-film-omu-festivali.jpg","articleSection":["Computer Programming News","Office Management News","Call Services News","Child Development News","Education Management Inspection News","Midwifery Undergraduate News","News","Theology Undergraduate News","Internet and Network Technologies News","Business Management News","Math News","Media and Communication News","Common Courses News","Pedagogical Formation News","Postal Services News","Health Management News","Political Science News","Real Estate Valuation News","Local Governments News","Compulsory Basic Courses News"],"inLanguage":"en-US"},{"@type":"Person","@id":"https:\/\/uzem.omu.edu.tr\/#\/schema\/person\/70a7964b5563550bcd223c52d8f1d460","name":"Can Murat Demir","image":{"@type":"ImageObject","@id":"https:\/\/uzem.omu.edu.tr\/#personlogo","inLanguage":"en-US","url":"https:\/\/secure.gravatar.com\/avatar\/ed801b73f677c412f55905de8ead8d72?s=96&d=mm&r=g","contentUrl":"https:\/\/secure.gravatar.com\/avatar\/ed801b73f677c412f55905de8ead8d72?s=96&d=mm&r=g","caption":"Can Murat Demir"},"sameAs":["http:\/\/www.felsefehayat.net"]}]}},"_links":{"self":[{"href":"https:\/\/uzem.omu.edu.tr\/en\/wp-json\/wp\/v2\/posts\/15537"}],"collection":[{"href":"https:\/\/uzem.omu.edu.tr\/en\/wp-json\/wp\/v2\/posts"}],"about":[{"href":"https:\/\/uzem.omu.edu.tr\/en\/wp-json\/wp\/v2\/types\/post"}],"author":[{"embeddable":true,"href":"https:\/\/uzem.omu.edu.tr\/en\/wp-json\/wp\/v2\/users\/11"}],"replies":[{"embeddable":true,"href":"https:\/\/uzem.omu.edu.tr\/en\/wp-json\/wp\/v2\/comments?post=15537"}],"version-history":[{"count":1,"href":"https:\/\/uzem.omu.edu.tr\/en\/wp-json\/wp\/v2\/posts\/15537\/revisions"}],"predecessor-version":[{"id":18046,"href":"https:\/\/uzem.omu.edu.tr\/en\/wp-json\/wp\/v2\/posts\/15537\/revisions\/18046"}],"wp:featuredmedia":[{"embeddable":true,"href":"https:\/\/uzem.omu.edu.tr\/en\/wp-json\/wp\/v2\/media\/15570"}],"wp:attachment":[{"href":"https:\/\/uzem.omu.edu.tr\/en\/wp-json\/wp\/v2\/media?parent=15537"}],"wp:term":[{"taxonomy":"category","embeddable":true,"href":"https:\/\/uzem.omu.edu.tr\/en\/wp-json\/wp\/v2\/categories?post=15537"},{"taxonomy":"post_tag","embeddable":true,"href":"https:\/\/uzem.omu.edu.tr\/en\/wp-json\/wp\/v2\/tags?post=15537"}],"curies":[{"name":"wp","href":"https:\/\/api.w.org\/{rel}","templated":true}]}}