{"id":14394,"date":"2016-10-31T13:55:21","date_gmt":"2016-10-31T10:55:21","guid":{"rendered":"https:\/\/uzem.omu.edu.tr\/?p=14394"},"modified":"2017-05-12T11:56:19","modified_gmt":"2017-05-12T08:56:19","slug":"15-temmuz-sonrasi-siyaset-ve-universiteler-konferansi","status":"publish","type":"post","link":"https:\/\/uzem.omu.edu.tr\/en\/15-temmuz-sonrasi-siyaset-ve-universiteler-konferansi\/","title":{"rendered":"&#8220;15 Temmuz Sonras\u0131 Siyaset ve \u00dcniversiteler\u201d Konferans\u0131"},"content":{"rendered":"<p>[vc_row css=&#8221;.vc_custom_1477914982121{margin-left: 0px !important;padding-left: 0px !important;}&#8221; bg_parallax=&#8221;&#8221; inertia=&#8221;0.1&#8243; bg_type=&#8221;no_bg&#8221; bg_grad=&#8221;background: -webkit-gradient(linear, left top, left bottom, color-stop(0%, #E3E3E3));background: -moz-linear-gradient(top,#E3E3E3 0%);background: -webkit-linear-gradient(top,#E3E3E3 0%);background: -o-linear-gradient(top,#E3E3E3 0%);background: -ms-linear-gradient(top,#E3E3E3 0%);background: linear-gradient(top,#E3E3E3 0%);&#8221; parallax_style=&#8221;vcpb-default&#8221; bg_image_repeat=&#8221;repeat&#8221; bg_image_size=&#8221;cover&#8221; bg_img_attach=&#8221;scroll&#8221; parallax_sense=&#8221;30&#8243; animation_direction=&#8221;left-animation&#8221; animation_repeat=&#8221;repeat&#8221; video_opts=&#8221;&#8221; viewport_vdo=&#8221;off&#8221; enable_controls=&#8221;off&#8221; bg_override=&#8221;0&#8243; parallax_content_sense=&#8221;30&#8243; fadeout_start_effect=&#8221;30&#8243; overlay_pattern_opacity=&#8221;80&#8243; overlay_pattern_attachment=&#8221;fixed&#8221; multi_color_overlay=&#8221;&#8221; multi_color_overlay_opacity=&#8221;60&#8243; seperator_type=&#8221;none_seperator&#8221; seperator_position=&#8221;top_seperator&#8221; seperator_shape_size=&#8221;40&#8243; seperator_svg_height=&#8221;60&#8243; seperator_shape_background=&#8221;#ffffff&#8221; seperator_shape_border=&#8221;none&#8221; seperator_shape_border_width=&#8221;1&#8243; icon_type=&#8221;no_icon&#8221; icon_size=&#8221;32&#8243; icon_style=&#8221;none&#8221; icon_color_border=&#8221;#333333&#8243; icon_border_size=&#8221;1&#8243; icon_border_radius=&#8221;500&#8243; icon_border_spacing=&#8221;50&#8243; img_width=&#8221;48&#8243; ult_hide_row_large_screen=&#8221;off&#8221; ult_hide_row_desktop=&#8221;off&#8221; ult_hide_row_tablet=&#8221;off&#8221; ult_hide_row_tablet_small=&#8221;off&#8221; ult_hide_row_mobile=&#8221;off&#8221; ult_hide_row_mobile_large=&#8221;off&#8221;][vc_column width=&#8221;1\/1&#8243; css=&#8221;.vc_custom_1477914967698{margin-left: 0px !important;padding-left: 0px !important;}&#8221;][vc_column_text]<strong>Ondokuz May\u0131s \u00dcniversitesi ve Sosyal ve K\u00fclt\u00fcrel Ara\u015ft\u0131rmalar Derne\u011fi (SOSKADER) i\u015f birli\u011fi ile ger\u00e7ekle\u015ftirilen \u201c15 Temmuz Sonras\u0131 Siyaset ve \u00dcniversiteler\u201d konulu konferans Uzaktan E\u011fitim Merkezinin (UZEM) Konferans Salonu\u2019nda yap\u0131ld\u0131.<\/strong><!--more--><\/p>\n<p>Konferans \u00f6ncesinde t\u00fcm ses ve g\u00f6r\u00fcnt\u00fc testlerini UZEM teknik personeli ger\u00e7ekle\u015ftirdi. Konferans i\u00e7in asgari \u015fartlar\u0131 sa\u011flayarak gerekli t\u00fcm tedbirleri ald\u0131.\u00a0Konferans\u0131n t\u00fcm teknik detaylar\u0131, sahne tasar\u0131m\u0131n\u0131, oturumun anl\u0131k takibini yerine getirip ses ve video kayd\u0131n\u0131 ger\u00e7ekle\u015ftiren UZEM teknik personeli, toplant\u0131n\u0131n\u00a0sa\u011fl\u0131kl\u0131 \u015fekilde y\u00fcr\u00fct\u00fclebilmesi i\u00e7in gerekli t\u00fcm altyap\u0131y\u0131 haz\u0131rlad\u0131. Yakla\u015f\u0131k 2 saat s\u00fcren konferansta herhangi bir teknik s\u0131k\u0131nt\u0131 ya\u015fanmad\u0131.<\/p>\n<p>Y\u0131ld\u0131r\u0131m Beyaz\u0131t \u00dcniversitesi \u0130nsan ve Toplum Bilimleri Fak\u00fcltesi \u00f6\u011fretim \u00fcyesi Prof. Dr. Mazhar Ba\u011fl\u0131\u2019n\u0131n konu\u015fmac\u0131 oldu\u011fu konferansa; Samsun Barosu Ba\u015fkan\u0131 Kerami G\u00fcrb\u00fcz, Canik Belediye Ba\u015fkan\u0131 Osman Gen\u00e7, Rekt\u00f6r Yard\u0131mc\u0131s\u0131 Prof. Dr. Vedat Ceyhan, UZEM M\u00fcd\u00fcr\u00fc ve Rekt\u00f6r Ba\u015fdan\u0131\u015fman\u0131 Prof. Dr. Mehmet Ali CENG\u0130Z, Rekt\u00f6r Dan\u0131\u015fman\u0131 Prof. Dr. H\u00fcsn\u00fc DEM\u0130RSOY, \u00a0UZEM M\u00fcd\u00fcr Yard\u0131mc\u0131s\u0131 Prof. Dr. \u0130zzet AK\u00c7A, Ya\u015far Do\u011fu Spor Bilimleri Fak\u00fcltesi Dekan\u0131 Prof. Dr. Mehmet Emirzeo\u011flu, SOSKADER Ba\u015fkan\u0131 Do\u00e7. Dr. \u0130brahim Turan, \u0130lahiyat Fak\u00fcltesi ad\u0131na Dekan Yard\u0131mc\u0131s\u0131 Do\u00e7. Dr. Metin Y\u0131lmaz, AK Parti Samsun \u0130l Ba\u015fkan Vekili Avukat Hakan Karaduman, \u00d6\u011frenci Konseyi Ba\u015fkan\u0131 Ali Saral Sar\u0131alio\u011flu, akademisyenler ve \u00f6\u011frenciler kat\u0131ld\u0131.[\/vc_column_text][vc_column_text]<\/p>\n<p><img loading=\"lazy\" class=\"alignnone size-large wp-image-14470\" src=\"https:\/\/uzem.omu.edu.tr\/wp-content\/uploads\/4-1024x683.jpg\" alt=\"4\" width=\"783\" height=\"522\" srcset=\"https:\/\/uzem.omu.edu.tr\/wp-content\/uploads\/4-1024x683.jpg 1024w, https:\/\/uzem.omu.edu.tr\/wp-content\/uploads\/4-300x200.jpg 300w, https:\/\/uzem.omu.edu.tr\/wp-content\/uploads\/4-768x512.jpg 768w, https:\/\/uzem.omu.edu.tr\/wp-content\/uploads\/4-783x522.jpg 783w, https:\/\/uzem.omu.edu.tr\/wp-content\/uploads\/4-575x383.jpg 575w, https:\/\/uzem.omu.edu.tr\/wp-content\/uploads\/4-1200x800.jpg 1200w\" sizes=\"(max-width: 783px) 100vw, 783px\" \/><img loading=\"lazy\" class=\"alignnone size-large wp-image-14469\" src=\"https:\/\/uzem.omu.edu.tr\/wp-content\/uploads\/3-1024x683.jpg\" alt=\"3\" width=\"783\" height=\"522\" srcset=\"https:\/\/uzem.omu.edu.tr\/wp-content\/uploads\/3-1024x683.jpg 1024w, https:\/\/uzem.omu.edu.tr\/wp-content\/uploads\/3-300x200.jpg 300w, https:\/\/uzem.omu.edu.tr\/wp-content\/uploads\/3-768x512.jpg 768w, https:\/\/uzem.omu.edu.tr\/wp-content\/uploads\/3-783x522.jpg 783w, https:\/\/uzem.omu.edu.tr\/wp-content\/uploads\/3-575x383.jpg 575w, https:\/\/uzem.omu.edu.tr\/wp-content\/uploads\/3-1200x800.jpg 1200w\" sizes=\"(max-width: 783px) 100vw, 783px\" \/><img loading=\"lazy\" class=\"alignnone size-large wp-image-14467\" src=\"https:\/\/uzem.omu.edu.tr\/wp-content\/uploads\/1-1-1024x683.jpg\" alt=\"1\" width=\"783\" height=\"522\" srcset=\"https:\/\/uzem.omu.edu.tr\/wp-content\/uploads\/1-1-1024x683.jpg 1024w, https:\/\/uzem.omu.edu.tr\/wp-content\/uploads\/1-1-300x200.jpg 300w, https:\/\/uzem.omu.edu.tr\/wp-content\/uploads\/1-1-768x512.jpg 768w, https:\/\/uzem.omu.edu.tr\/wp-content\/uploads\/1-1-783x522.jpg 783w, https:\/\/uzem.omu.edu.tr\/wp-content\/uploads\/1-1-575x383.jpg 575w, https:\/\/uzem.omu.edu.tr\/wp-content\/uploads\/1-1-1200x800.jpg 1200w\" sizes=\"(max-width: 783px) 100vw, 783px\" \/><img loading=\"lazy\" class=\"alignnone size-large wp-image-14468\" src=\"https:\/\/uzem.omu.edu.tr\/wp-content\/uploads\/2-1-1024x683.jpg\" alt=\"2\" width=\"783\" height=\"522\" srcset=\"https:\/\/uzem.omu.edu.tr\/wp-content\/uploads\/2-1-1024x683.jpg 1024w, https:\/\/uzem.omu.edu.tr\/wp-content\/uploads\/2-1-300x200.jpg 300w, https:\/\/uzem.omu.edu.tr\/wp-content\/uploads\/2-1-768x512.jpg 768w, https:\/\/uzem.omu.edu.tr\/wp-content\/uploads\/2-1-783x522.jpg 783w, https:\/\/uzem.omu.edu.tr\/wp-content\/uploads\/2-1-575x383.jpg 575w, https:\/\/uzem.omu.edu.tr\/wp-content\/uploads\/2-1-1200x800.jpg 1200w\" sizes=\"(max-width: 783px) 100vw, 783px\" \/><\/p>\n<p>[\/vc_column_text][\/vc_column][\/vc_row]<\/p>\n","protected":false},"excerpt":{"rendered":"<p>[vc_row css=&#8221;.vc_custom_1477914982121{margin-left: 0px !important;padding-left: 0px !important;}&#8221; bg_parallax=&#8221;&#8221; inertia=&#8221;0.1&#8243; bg_type=&#8221;no_bg&#8221; bg_grad=&#8221;background: -webkit-gradient(linear, left top, left bottom, color-stop(0%, #E3E3E3));background: -moz-linear-gradient(top,#E3E3E3 0%);background: -webkit-linear-gradient(top,#E3E3E3 0%);background: -o-linear-gradient(top,#E3E3E3 0%);background: -ms-linear-gradient(top,#E3E3E3 0%);background: linear-gradient(top,#E3E3E3 0%);&#8221; parallax_style=&#8221;vcpb-default&#8221; bg_image_repeat=&#8221;repeat&#8221; bg_image_size=&#8221;cover&#8221; bg_img_attach=&#8221;scroll&#8221; parallax_sense=&#8221;30&#8243; animation_direction=&#8221;left-animation&#8221; animation_repeat=&#8221;repeat&#8221; video_opts=&#8221;&#8221; viewport_vdo=&#8221;off&#8221; enable_controls=&#8221;off&#8221; bg_override=&#8221;0&#8243; parallax_content_sense=&#8221;30&#8243; fadeout_start_effect=&#8221;30&#8243; overlay_pattern_opacity=&#8221;80&#8243; overlay_pattern_attachment=&#8221;fixed&#8221; multi_color_overlay=&#8221;&#8221; multi_color_overlay_opacity=&#8221;60&#8243; seperator_type=&#8221;none_seperator&#8221; seperator_position=&#8221;top_seperator&#8221; seperator_shape_size=&#8221;40&#8243; seperator_svg_height=&#8221;60&#8243; seperator_shape_background=&#8221;#ffffff&#8221; seperator_shape_border=&#8221;none&#8221; seperator_shape_border_width=&#8221;1&#8243; icon_type=&#8221;no_icon&#8221; icon_size=&#8221;32&#8243; icon_style=&#8221;none&#8221; icon_color_border=&#8221;#333333&#8243; icon_border_size=&#8221;1&#8243; icon_border_radius=&#8221;500&#8243; icon_border_spacing=&#8221;50&#8243; img_width=&#8221;48&#8243; ult_hide_row_large_screen=&#8221;off&#8221; ult_hide_row_desktop=&#8221;off&#8221; ult_hide_row_tablet=&#8221;off&#8221; ult_hide_row_tablet_small=&#8221;off&#8221; ult_hide_row_mobile=&#8221;off&#8221; ult_hide_row_mobile_large=&#8221;off&#8221;][vc_column width=&#8221;1\/1&#8243; css=&#8221;.vc_custom_1477914967698{margin-left: 0px !important;padding-left: 0px !important;}&#8221;][vc_column_text]Ondokuz May\u0131s \u00dcniversitesi ve Sosyal ve K\u00fclt\u00fcrel Ara\u015ft\u0131rmalar Derne\u011fi (SOSKADER) i\u015f birli\u011fi ile ger\u00e7ekle\u015ftirilen \u201c15 Temmuz Sonras\u0131 Siyaset ve \u00dcniversiteler\u201d konulu konferans Uzaktan E\u011fitim Merkezinin (UZEM) Konferans Salonu\u2019nda yap\u0131ld\u0131.<\/p>\n","protected":false},"author":11,"featured_media":14407,"comment_status":"closed","ping_status":"closed","sticky":false,"template":"","format":"standard","meta":[],"categories":[82,129,81,78,45,7,83,80,86,88,79,73,72,75,71,87],"tags":[],"translation":{"provider":"WPGlobus","version":"2.12.2","language":"en","enabled_languages":["tr","en"],"languages":{"tr":{"title":true,"content":true,"excerpt":false},"en":{"title":false,"content":false,"excerpt":false}}},"yoast_head":"<!-- This site is optimized with the Yoast SEO plugin v17.4 - https:\/\/yoast.com\/wordpress\/plugins\/seo\/ -->\n<meta name=\"robots\" content=\"index, follow, max-snippet:-1, max-image-preview:large, max-video-preview:-1\" \/>\n<link rel=\"canonical\" href=\"https:\/\/uzem.omu.edu.tr\/15-temmuz-sonrasi-siyaset-ve-universiteler-konferansi\/\" \/>\n<meta property=\"og:locale\" content=\"en_US\" \/>\n<meta property=\"og:type\" content=\"article\" \/>\n<meta property=\"og:title\" content=\"&quot;15 Temmuz Sonras\u0131 Siyaset ve \u00dcniversiteler\u201d Konferans\u0131 - OM\u00dc Uzaktan E\u011fitim Merkezi\" \/>\n<meta property=\"og:url\" content=\"https:\/\/uzem.omu.edu.tr\/15-temmuz-sonrasi-siyaset-ve-universiteler-konferansi\/\" \/>\n<meta property=\"og:site_name\" content=\"OM\u00dc Uzaktan E\u011fitim Merkezi\" \/>\n<meta property=\"article:publisher\" content=\"https:\/\/www.facebook.com\/omu.uzem\" \/>\n<meta property=\"article:published_time\" content=\"2016-10-31T10:55:21+00:00\" \/>\n<meta property=\"article:modified_time\" content=\"2017-05-12T08:56:19+00:00\" \/>\n<meta property=\"og:image\" content=\"https:\/\/uzem.omu.edu.tr\/wp-content\/uploads\/ic-kapak.jpg\" \/>\n\t<meta property=\"og:image:width\" content=\"783\" \/>\n\t<meta property=\"og:image:height\" content=\"199\" \/>\n<meta name=\"twitter:card\" content=\"summary_large_image\" \/>\n<meta name=\"twitter:creator\" content=\"@omuuzem\" \/>\n<meta name=\"twitter:site\" content=\"@omuuzem\" \/>\n<meta name=\"twitter:label1\" content=\"Written by\" \/>\n\t<meta name=\"twitter:data1\" content=\"Can Murat Demir\" \/>\n\t<meta name=\"twitter:label2\" content=\"Est. reading time\" \/>\n\t<meta name=\"twitter:data2\" content=\"3 minutes\" \/>\n<script type=\"application\/ld+json\" class=\"yoast-schema-graph\">{\"@context\":\"https:\/\/schema.org\",\"@graph\":[{\"@type\":\"Organization\",\"@id\":\"https:\/\/uzem.omu.edu.tr\/#organization\",\"name\":\"UZEM\",\"url\":\"https:\/\/uzem.omu.edu.tr\/\",\"sameAs\":[\"https:\/\/www.facebook.com\/omu.uzem\",\"https:\/\/www.instagram.com\/omu.uzem\/\",\"https:\/\/www.youtube.com\/channel\/UCQ6c_wjaGQcIvBKTbPrOe2A\",\"https:\/\/twitter.com\/omuuzem\"],\"logo\":{\"@type\":\"ImageObject\",\"@id\":\"https:\/\/uzem.omu.edu.tr\/#logo\",\"inLanguage\":\"en-US\",\"url\":\"https:\/\/uzem.omu.edu.tr\/wp-content\/uploads\/ulogo-1.png\",\"contentUrl\":\"https:\/\/uzem.omu.edu.tr\/wp-content\/uploads\/ulogo-1.png\",\"width\":364,\"height\":39,\"caption\":\"UZEM\"},\"image\":{\"@id\":\"https:\/\/uzem.omu.edu.tr\/#logo\"}},{\"@type\":\"WebSite\",\"@id\":\"https:\/\/uzem.omu.edu.tr\/#website\",\"url\":\"https:\/\/uzem.omu.edu.tr\/\",\"name\":\"OM\\u00dc Uzaktan E\\u011fitim Merkezi\",\"description\":\"&quot;F\\u0131rsatlar Sunar&quot;\",\"publisher\":{\"@id\":\"https:\/\/uzem.omu.edu.tr\/#organization\"},\"potentialAction\":[{\"@type\":\"SearchAction\",\"target\":{\"@type\":\"EntryPoint\",\"urlTemplate\":\"https:\/\/uzem.omu.edu.tr\/?s={search_term_string}\"},\"query-input\":\"required name=search_term_string\"}],\"inLanguage\":\"en-US\"},{\"@type\":\"ImageObject\",\"@id\":\"https:\/\/uzem.omu.edu.tr\/15-temmuz-sonrasi-siyaset-ve-universiteler-konferansi\/#primaryimage\",\"inLanguage\":\"en-US\",\"url\":\"https:\/\/uzem.omu.edu.tr\/wp-content\/uploads\/ic-kapak.jpg\",\"contentUrl\":\"https:\/\/uzem.omu.edu.tr\/wp-content\/uploads\/ic-kapak.jpg\",\"width\":783,\"height\":199},{\"@type\":\"WebPage\",\"@id\":\"https:\/\/uzem.omu.edu.tr\/15-temmuz-sonrasi-siyaset-ve-universiteler-konferansi\/#webpage\",\"url\":\"https:\/\/uzem.omu.edu.tr\/15-temmuz-sonrasi-siyaset-ve-universiteler-konferansi\/\",\"name\":\"\\\"15 Temmuz Sonras\\u0131 Siyaset ve \\u00dcniversiteler\\u201d Konferans\\u0131 - OM\\u00dc Uzaktan E\\u011fitim Merkezi\",\"isPartOf\":{\"@id\":\"https:\/\/uzem.omu.edu.tr\/#website\"},\"primaryImageOfPage\":{\"@id\":\"https:\/\/uzem.omu.edu.tr\/15-temmuz-sonrasi-siyaset-ve-universiteler-konferansi\/#primaryimage\"},\"datePublished\":\"2016-10-31T10:55:21+00:00\",\"dateModified\":\"2017-05-12T08:56:19+00:00\",\"breadcrumb\":{\"@id\":\"https:\/\/uzem.omu.edu.tr\/15-temmuz-sonrasi-siyaset-ve-universiteler-konferansi\/#breadcrumb\"},\"inLanguage\":\"en-US\",\"potentialAction\":[{\"@type\":\"ReadAction\",\"target\":[\"https:\/\/uzem.omu.edu.tr\/15-temmuz-sonrasi-siyaset-ve-universiteler-konferansi\/\"]}]},{\"@type\":\"BreadcrumbList\",\"@id\":\"https:\/\/uzem.omu.edu.tr\/15-temmuz-sonrasi-siyaset-ve-universiteler-konferansi\/#breadcrumb\",\"itemListElement\":[{\"@type\":\"ListItem\",\"position\":1,\"name\":\"Home\",\"item\":\"https:\/\/uzem.omu.edu.tr\/\"},{\"@type\":\"ListItem\",\"position\":2,\"name\":\"&#8220;15 Temmuz Sonras\\u0131 Siyaset ve \\u00dcniversiteler\\u201d Konferans\\u0131\"}]},{\"@type\":\"Article\",\"@id\":\"https:\/\/uzem.omu.edu.tr\/15-temmuz-sonrasi-siyaset-ve-universiteler-konferansi\/#article\",\"isPartOf\":{\"@id\":\"https:\/\/uzem.omu.edu.tr\/15-temmuz-sonrasi-siyaset-ve-universiteler-konferansi\/#webpage\"},\"author\":{\"@id\":\"https:\/\/uzem.omu.edu.tr\/#\/schema\/person\/70a7964b5563550bcd223c52d8f1d460\"},\"headline\":\"&#8220;15 Temmuz Sonras\\u0131 Siyaset ve \\u00dcniversiteler\\u201d Konferans\\u0131\",\"datePublished\":\"2016-10-31T10:55:21+00:00\",\"dateModified\":\"2017-05-12T08:56:19+00:00\",\"mainEntityOfPage\":{\"@id\":\"https:\/\/uzem.omu.edu.tr\/15-temmuz-sonrasi-siyaset-ve-universiteler-konferansi\/#webpage\"},\"wordCount\":506,\"publisher\":{\"@id\":\"https:\/\/uzem.omu.edu.tr\/#organization\"},\"image\":{\"@id\":\"https:\/\/uzem.omu.edu.tr\/15-temmuz-sonrasi-siyaset-ve-universiteler-konferansi\/#primaryimage\"},\"thumbnailUrl\":\"https:\/\/uzem.omu.edu.tr\/wp-content\/uploads\/ic-kapak.jpg\",\"articleSection\":[\"Computer Programming News\",\"Call Services News\",\"Child Development News\",\"Education Management Inspection News\",\"Midwifery Undergraduate News\",\"News\",\"Theology Undergraduate News\",\"Media and Communication News\",\"Common Courses News\",\"Pedagogical Formation News\",\"Postal Services News\",\"Health Management News\",\"Political Science News\",\"Real Estate Valuation News\",\"Local Governments News\",\"Compulsory Basic Courses News\"],\"inLanguage\":\"en-US\"},{\"@type\":\"Person\",\"@id\":\"https:\/\/uzem.omu.edu.tr\/#\/schema\/person\/70a7964b5563550bcd223c52d8f1d460\",\"name\":\"Can Murat Demir\",\"image\":{\"@type\":\"ImageObject\",\"@id\":\"https:\/\/uzem.omu.edu.tr\/#personlogo\",\"inLanguage\":\"en-US\",\"url\":\"https:\/\/secure.gravatar.com\/avatar\/ed801b73f677c412f55905de8ead8d72?s=96&d=mm&r=g\",\"contentUrl\":\"https:\/\/secure.gravatar.com\/avatar\/ed801b73f677c412f55905de8ead8d72?s=96&d=mm&r=g\",\"caption\":\"Can Murat Demir\"},\"sameAs\":[\"http:\/\/www.felsefehayat.net\"]}]}<\/script>\n<!-- \/ Yoast SEO plugin. -->","yoast_head_json":{"robots":{"index":"index","follow":"follow","max-snippet":"max-snippet:-1","max-image-preview":"max-image-preview:large","max-video-preview":"max-video-preview:-1"},"canonical":"https:\/\/uzem.omu.edu.tr\/15-temmuz-sonrasi-siyaset-ve-universiteler-konferansi\/","og_locale":"en_US","og_type":"article","og_title":"\"15 Temmuz Sonras\u0131 Siyaset ve \u00dcniversiteler\u201d Konferans\u0131 - OM\u00dc Uzaktan E\u011fitim Merkezi","og_url":"https:\/\/uzem.omu.edu.tr\/15-temmuz-sonrasi-siyaset-ve-universiteler-konferansi\/","og_site_name":"OM\u00dc Uzaktan E\u011fitim Merkezi","article_publisher":"https:\/\/www.facebook.com\/omu.uzem","article_published_time":"2016-10-31T10:55:21+00:00","article_modified_time":"2017-05-12T08:56:19+00:00","og_image":[{"width":783,"height":199,"url":"https:\/\/uzem.omu.edu.tr\/wp-content\/uploads\/ic-kapak.jpg","type":"image\/jpeg"}],"twitter_card":"summary_large_image","twitter_creator":"@omuuzem","twitter_site":"@omuuzem","twitter_misc":{"Written by":"Can Murat Demir","Est. reading time":"3 minutes"},"schema":{"@context":"https:\/\/schema.org","@graph":[{"@type":"Organization","@id":"https:\/\/uzem.omu.edu.tr\/#organization","name":"UZEM","url":"https:\/\/uzem.omu.edu.tr\/","sameAs":["https:\/\/www.facebook.com\/omu.uzem","https:\/\/www.instagram.com\/omu.uzem\/","https:\/\/www.youtube.com\/channel\/UCQ6c_wjaGQcIvBKTbPrOe2A","https:\/\/twitter.com\/omuuzem"],"logo":{"@type":"ImageObject","@id":"https:\/\/uzem.omu.edu.tr\/#logo","inLanguage":"en-US","url":"https:\/\/uzem.omu.edu.tr\/wp-content\/uploads\/ulogo-1.png","contentUrl":"https:\/\/uzem.omu.edu.tr\/wp-content\/uploads\/ulogo-1.png","width":364,"height":39,"caption":"UZEM"},"image":{"@id":"https:\/\/uzem.omu.edu.tr\/#logo"}},{"@type":"WebSite","@id":"https:\/\/uzem.omu.edu.tr\/#website","url":"https:\/\/uzem.omu.edu.tr\/","name":"OM\u00dc Uzaktan E\u011fitim Merkezi","description":"&quot;F\u0131rsatlar Sunar&quot;","publisher":{"@id":"https:\/\/uzem.omu.edu.tr\/#organization"},"potentialAction":[{"@type":"SearchAction","target":{"@type":"EntryPoint","urlTemplate":"https:\/\/uzem.omu.edu.tr\/?s={search_term_string}"},"query-input":"required name=search_term_string"}],"inLanguage":"en-US"},{"@type":"ImageObject","@id":"https:\/\/uzem.omu.edu.tr\/15-temmuz-sonrasi-siyaset-ve-universiteler-konferansi\/#primaryimage","inLanguage":"en-US","url":"https:\/\/uzem.omu.edu.tr\/wp-content\/uploads\/ic-kapak.jpg","contentUrl":"https:\/\/uzem.omu.edu.tr\/wp-content\/uploads\/ic-kapak.jpg","width":783,"height":199},{"@type":"WebPage","@id":"https:\/\/uzem.omu.edu.tr\/15-temmuz-sonrasi-siyaset-ve-universiteler-konferansi\/#webpage","url":"https:\/\/uzem.omu.edu.tr\/15-temmuz-sonrasi-siyaset-ve-universiteler-konferansi\/","name":"\"15 Temmuz Sonras\u0131 Siyaset ve \u00dcniversiteler\u201d Konferans\u0131 - OM\u00dc Uzaktan E\u011fitim Merkezi","isPartOf":{"@id":"https:\/\/uzem.omu.edu.tr\/#website"},"primaryImageOfPage":{"@id":"https:\/\/uzem.omu.edu.tr\/15-temmuz-sonrasi-siyaset-ve-universiteler-konferansi\/#primaryimage"},"datePublished":"2016-10-31T10:55:21+00:00","dateModified":"2017-05-12T08:56:19+00:00","breadcrumb":{"@id":"https:\/\/uzem.omu.edu.tr\/15-temmuz-sonrasi-siyaset-ve-universiteler-konferansi\/#breadcrumb"},"inLanguage":"en-US","potentialAction":[{"@type":"ReadAction","target":["https:\/\/uzem.omu.edu.tr\/15-temmuz-sonrasi-siyaset-ve-universiteler-konferansi\/"]}]},{"@type":"BreadcrumbList","@id":"https:\/\/uzem.omu.edu.tr\/15-temmuz-sonrasi-siyaset-ve-universiteler-konferansi\/#breadcrumb","itemListElement":[{"@type":"ListItem","position":1,"name":"Home","item":"https:\/\/uzem.omu.edu.tr\/"},{"@type":"ListItem","position":2,"name":"&#8220;15 Temmuz Sonras\u0131 Siyaset ve \u00dcniversiteler\u201d Konferans\u0131"}]},{"@type":"Article","@id":"https:\/\/uzem.omu.edu.tr\/15-temmuz-sonrasi-siyaset-ve-universiteler-konferansi\/#article","isPartOf":{"@id":"https:\/\/uzem.omu.edu.tr\/15-temmuz-sonrasi-siyaset-ve-universiteler-konferansi\/#webpage"},"author":{"@id":"https:\/\/uzem.omu.edu.tr\/#\/schema\/person\/70a7964b5563550bcd223c52d8f1d460"},"headline":"&#8220;15 Temmuz Sonras\u0131 Siyaset ve \u00dcniversiteler\u201d Konferans\u0131","datePublished":"2016-10-31T10:55:21+00:00","dateModified":"2017-05-12T08:56:19+00:00","mainEntityOfPage":{"@id":"https:\/\/uzem.omu.edu.tr\/15-temmuz-sonrasi-siyaset-ve-universiteler-konferansi\/#webpage"},"wordCount":506,"publisher":{"@id":"https:\/\/uzem.omu.edu.tr\/#organization"},"image":{"@id":"https:\/\/uzem.omu.edu.tr\/15-temmuz-sonrasi-siyaset-ve-universiteler-konferansi\/#primaryimage"},"thumbnailUrl":"https:\/\/uzem.omu.edu.tr\/wp-content\/uploads\/ic-kapak.jpg","articleSection":["Computer Programming News","Call Services News","Child Development News","Education Management Inspection News","Midwifery Undergraduate News","News","Theology Undergraduate News","Media and Communication News","Common Courses News","Pedagogical Formation News","Postal Services News","Health Management News","Political Science News","Real Estate Valuation News","Local Governments News","Compulsory Basic Courses News"],"inLanguage":"en-US"},{"@type":"Person","@id":"https:\/\/uzem.omu.edu.tr\/#\/schema\/person\/70a7964b5563550bcd223c52d8f1d460","name":"Can Murat Demir","image":{"@type":"ImageObject","@id":"https:\/\/uzem.omu.edu.tr\/#personlogo","inLanguage":"en-US","url":"https:\/\/secure.gravatar.com\/avatar\/ed801b73f677c412f55905de8ead8d72?s=96&d=mm&r=g","contentUrl":"https:\/\/secure.gravatar.com\/avatar\/ed801b73f677c412f55905de8ead8d72?s=96&d=mm&r=g","caption":"Can Murat Demir"},"sameAs":["http:\/\/www.felsefehayat.net"]}]}},"_links":{"self":[{"href":"https:\/\/uzem.omu.edu.tr\/en\/wp-json\/wp\/v2\/posts\/14394"}],"collection":[{"href":"https:\/\/uzem.omu.edu.tr\/en\/wp-json\/wp\/v2\/posts"}],"about":[{"href":"https:\/\/uzem.omu.edu.tr\/en\/wp-json\/wp\/v2\/types\/post"}],"author":[{"embeddable":true,"href":"https:\/\/uzem.omu.edu.tr\/en\/wp-json\/wp\/v2\/users\/11"}],"replies":[{"embeddable":true,"href":"https:\/\/uzem.omu.edu.tr\/en\/wp-json\/wp\/v2\/comments?post=14394"}],"version-history":[{"count":0,"href":"https:\/\/uzem.omu.edu.tr\/en\/wp-json\/wp\/v2\/posts\/14394\/revisions"}],"wp:featuredmedia":[{"embeddable":true,"href":"https:\/\/uzem.omu.edu.tr\/en\/wp-json\/wp\/v2\/media\/14407"}],"wp:attachment":[{"href":"https:\/\/uzem.omu.edu.tr\/en\/wp-json\/wp\/v2\/media?parent=14394"}],"wp:term":[{"taxonomy":"category","embeddable":true,"href":"https:\/\/uzem.omu.edu.tr\/en\/wp-json\/wp\/v2\/categories?post=14394"},{"taxonomy":"post_tag","embeddable":true,"href":"https:\/\/uzem.omu.edu.tr\/en\/wp-json\/wp\/v2\/tags?post=14394"}],"curies":[{"name":"wp","href":"https:\/\/api.w.org\/{rel}","templated":true}]}}